{"id":24964,"date":"2020-12-22T11:48:07","date_gmt":"2020-12-22T10:48:07","guid":{"rendered":"https:\/\/www.etrossi.de\/photography\/?p=24964"},"modified":"2020-12-24T08:05:20","modified_gmt":"2020-12-24T07:05:20","slug":"burg-sulzburg","status":"publish","type":"post","link":"https:\/\/www.etrossi.de\/photography\/2020\/12\/22\/burg-sulzburg\/","title":{"rendered":"Burg Sulzburg"},"content":{"rendered":"\n<!--more-->\n\n\n\n<p>Name(n): Burg Sulzburg<br>Besucht: 2020, 2004<br><\/p>\n\n\n\n<hr class=\"wp-block-separator\"\/>\n\n\n\n<p>Land: Deutschland<br>Landkreis: Breisgau-Hochschwarzwald<br>Ort: Sulzburg<br>Koordinaten: N47.843330 E7.709433<br>Besucherinfo: Das Gel\u00e4nde der Burg ist teilweise eingez\u00e4unt<br>Parkplatz in der N\u00e4he: &nbsp;Parkplatz beim Friedhof, dann rechts  der St. Cyriakkirche den Berg hoch, im weiteren Verlauf links halten<br><\/p>\n\n\n\n<hr class=\"wp-block-separator\"\/>\n\n\n\n<p>Baujahr \/ erste Erw\u00e4hnung: 12 Jh.<br>Aufgabe \/ Zerst\u00f6rt: 1341 als Burgstall bezeichnet <span class=\"footnote_referrer\"><a role=\"button\" tabindex=\"0\" onclick=\"footnote_moveToReference_24964_1('footnote_plugin_reference_24964_1_1');\" onkeypress=\"footnote_moveToReference_24964_1('footnote_plugin_reference_24964_1_1');\" ><sup id=\"footnote_plugin_tooltip_24964_1_1\" class=\"footnote_plugin_tooltip_text\">[1]<\/sup><\/a><span id=\"footnote_plugin_tooltip_text_24964_1_1\" class=\"footnote_tooltip\">Eduard Schuster: Die Burgen und Schl\u00f6sser Badens, Band 2: Der S\u00fcdwesten &#8211; Albgau, Breisgau und Ortenau, Freiburger Echo Verlag 2002, Reprint von 1908, Seite 105<\/span><\/span><script type=\"text\/javascript\"> jQuery('#footnote_plugin_tooltip_24964_1_1').tooltip({ tip: '#footnote_plugin_tooltip_text_24964_1_1', tipClass: 'footnote_tooltip', effect: 'fade', predelay: 0, fadeInSpeed: 200, delay: 400, fadeOutSpeed: 200, position: 'top center', relative: true, offset: [-7, 0], });<\/script><br>Bauform: &#8211;<br>Beschreibung: &#8211;<br>Erhaltungszustand: wenige Mauern und ein Graben sind noch sichtbar<br>Geschichte: Von dieser Burg ist wenig \u00fcberliefert<br>Bemerkungen: &#8211;<\/p>\n\n\n\n<div id=\"sbs-openstreetmap-block-d1f8d452-fe7f-48f3-9f92-6675f91e54cf\" class=\"wp-block-stepbyteservice-openstreetmap sbs_openstreetmap_module\" data-style=\"openstreetmap_de\" data-zoom=\"15\" data-zoomable=\"true\" data-latitude=\"52.4679888\" data-longitude=\"13.3257928\" data-show-attribution=\"true\" data-marker-source=\"coordinates\" data-marker-address=\"\" data-marker-latitude=\"47.84333\" data-marker-longitude=\"7.709433\" data-marker-center=\"true\" data-marker-icon=\"\" data-marker-color=\"dark_blue\"><div class=\"sbs_openstreetmap_container\" style=\"padding-bottom:50%\"><\/div><\/div>\n\n\n\n<h6 class=\"has-text-align-center wp-block-heading\">2020<\/h6>\n\n\n\n<figure class=\"wp-block-gallery columns-5 is-cropped wp-block-gallery-1 is-layout-flex\"><ul class=\"blocks-gallery-grid\"><li class=\"blocks-gallery-item\"><figure><a href=\"https:\/\/www.etrossi.de\/photography\/sulzburg_2020-500618\/\"><img decoding=\"async\" loading=\"lazy\" width=\"2000\" height=\"1333\" src=\"https:\/\/www.etrossi.de\/photography\/wp-content\/uploads\/2020\/12\/Sulzburg_2020-500618.jpg\" alt=\"Sulzburg\" data-id=\"24963\" data-full-url=\"https:\/\/www.etrossi.de\/photography\/wp-content\/uploads\/2020\/12\/Sulzburg_2020-500618.jpg\" data-link=\"https:\/\/www.etrossi.de\/photography\/sulzburg_2020-500618\/\" class=\"wp-image-24963\" srcset=\"https:\/\/www.etrossi.de\/photography\/wp-content\/uploads\/2020\/12\/Sulzburg_2020-500618.jpg 2000w, https:\/\/www.etrossi.de\/photography\/wp-content\/uploads\/2020\/12\/Sulzburg_2020-500618-300x200.jpg 300w, https:\/\/www.etrossi.de\/photography\/wp-content\/uploads\/2020\/12\/Sulzburg_2020-500618-768x512.jpg 768w, https:\/\/www.etrossi.de\/photography\/wp-content\/uploads\/2020\/12\/Sulzburg_2020-500618-1536x1024.jpg 1536w\" sizes=\"(max-width: 2000px) 100vw, 2000px\" title=\"\"><\/a><figcaption class=\"blocks-gallery-item__caption\">Sulzburg<\/figcaption><\/figure><\/li><li class=\"blocks-gallery-item\"><figure><a href=\"https:\/\/www.etrossi.de\/photography\/sulzburg_2020-500614\/\"><img decoding=\"async\" loading=\"lazy\" width=\"2000\" height=\"1333\" src=\"https:\/\/www.etrossi.de\/photography\/wp-content\/uploads\/2020\/12\/Sulzburg_2020-500614.jpg\" alt=\"Sulzburg\" data-id=\"24962\" data-full-url=\"https:\/\/www.etrossi.de\/photography\/wp-content\/uploads\/2020\/12\/Sulzburg_2020-500614.jpg\" data-link=\"https:\/\/www.etrossi.de\/photography\/sulzburg_2020-500614\/\" class=\"wp-image-24962\" srcset=\"https:\/\/www.etrossi.de\/photography\/wp-content\/uploads\/2020\/12\/Sulzburg_2020-500614.jpg 2000w, https:\/\/www.etrossi.de\/photography\/wp-content\/uploads\/2020\/12\/Sulzburg_2020-500614-300x200.jpg 300w, https:\/\/www.etrossi.de\/photography\/wp-content\/uploads\/2020\/12\/Sulzburg_2020-500614-768x512.jpg 768w, https:\/\/www.etrossi.de\/photography\/wp-content\/uploads\/2020\/12\/Sulzburg_2020-500614-1536x1024.jpg 1536w\" sizes=\"(max-width: 2000px) 100vw, 2000px\" title=\"\"><\/a><figcaption class=\"blocks-gallery-item__caption\">Sulzburg<\/figcaption><\/figure><\/li><li class=\"blocks-gallery-item\"><figure><a href=\"https:\/\/www.etrossi.de\/photography\/sulzburg_2020-500612\/\"><img decoding=\"async\" loading=\"lazy\" width=\"2000\" height=\"1333\" src=\"https:\/\/www.etrossi.de\/photography\/wp-content\/uploads\/2020\/12\/Sulzburg_2020-500612.jpg\" alt=\"Sulzburg\" data-id=\"24961\" data-full-url=\"https:\/\/www.etrossi.de\/photography\/wp-content\/uploads\/2020\/12\/Sulzburg_2020-500612.jpg\" data-link=\"https:\/\/www.etrossi.de\/photography\/sulzburg_2020-500612\/\" class=\"wp-image-24961\" srcset=\"https:\/\/www.etrossi.de\/photography\/wp-content\/uploads\/2020\/12\/Sulzburg_2020-500612.jpg 2000w, https:\/\/www.etrossi.de\/photography\/wp-content\/uploads\/2020\/12\/Sulzburg_2020-500612-300x200.jpg 300w, https:\/\/www.etrossi.de\/photography\/wp-content\/uploads\/2020\/12\/Sulzburg_2020-500612-768x512.jpg 768w, https:\/\/www.etrossi.de\/photography\/wp-content\/uploads\/2020\/12\/Sulzburg_2020-500612-1536x1024.jpg 1536w\" sizes=\"(max-width: 2000px) 100vw, 2000px\" title=\"\"><\/a><figcaption class=\"blocks-gallery-item__caption\">Sulzburg<\/figcaption><\/figure><\/li><li class=\"blocks-gallery-item\"><figure><a href=\"https:\/\/www.etrossi.de\/photography\/sulzburg_2020-500611\/\"><img decoding=\"async\" loading=\"lazy\" width=\"2000\" height=\"1333\" src=\"https:\/\/www.etrossi.de\/photography\/wp-content\/uploads\/2020\/12\/Sulzburg_2020-500611.jpg\" alt=\"Sulzburg Burggraben\" data-id=\"24960\" data-full-url=\"https:\/\/www.etrossi.de\/photography\/wp-content\/uploads\/2020\/12\/Sulzburg_2020-500611.jpg\" data-link=\"https:\/\/www.etrossi.de\/photography\/sulzburg_2020-500611\/\" class=\"wp-image-24960\" srcset=\"https:\/\/www.etrossi.de\/photography\/wp-content\/uploads\/2020\/12\/Sulzburg_2020-500611.jpg 2000w, https:\/\/www.etrossi.de\/photography\/wp-content\/uploads\/2020\/12\/Sulzburg_2020-500611-300x200.jpg 300w, https:\/\/www.etrossi.de\/photography\/wp-content\/uploads\/2020\/12\/Sulzburg_2020-500611-768x512.jpg 768w, https:\/\/www.etrossi.de\/photography\/wp-content\/uploads\/2020\/12\/Sulzburg_2020-500611-1536x1024.jpg 1536w\" sizes=\"(max-width: 2000px) 100vw, 2000px\" title=\"\"><\/a><figcaption class=\"blocks-gallery-item__caption\">Sulzburg Burggraben<\/figcaption><\/figure><\/li><li class=\"blocks-gallery-item\"><figure><a href=\"https:\/\/www.etrossi.de\/photography\/sulzburg_2020-500609\/\"><img decoding=\"async\" loading=\"lazy\" width=\"2000\" height=\"1333\" src=\"https:\/\/www.etrossi.de\/photography\/wp-content\/uploads\/2020\/12\/Sulzburg_2020-500609.jpg\" alt=\"Sulzburg\" data-id=\"24959\" data-full-url=\"https:\/\/www.etrossi.de\/photography\/wp-content\/uploads\/2020\/12\/Sulzburg_2020-500609.jpg\" data-link=\"https:\/\/www.etrossi.de\/photography\/sulzburg_2020-500609\/\" class=\"wp-image-24959\" srcset=\"https:\/\/www.etrossi.de\/photography\/wp-content\/uploads\/2020\/12\/Sulzburg_2020-500609.jpg 2000w, https:\/\/www.etrossi.de\/photography\/wp-content\/uploads\/2020\/12\/Sulzburg_2020-500609-300x200.jpg 300w, https:\/\/www.etrossi.de\/photography\/wp-content\/uploads\/2020\/12\/Sulzburg_2020-500609-768x512.jpg 768w, https:\/\/www.etrossi.de\/photography\/wp-content\/uploads\/2020\/12\/Sulzburg_2020-500609-1536x1024.jpg 1536w\" sizes=\"(max-width: 2000px) 100vw, 2000px\" title=\"\"><\/a><figcaption class=\"blocks-gallery-item__caption\">Sulzburg<\/figcaption><\/figure><\/li><\/ul><\/figure>\n\n\n\n<h6 class=\"has-text-align-center wp-block-heading\">2004<\/h6>\n\n\n\n<figure class=\"wp-block-gallery columns-2 is-cropped wp-block-gallery-3 is-layout-flex\"><ul class=\"blocks-gallery-grid\"><li class=\"blocks-gallery-item\"><figure><a href=\"https:\/\/www.etrossi.de\/photography\/sulzburg_2004-0011\/\"><img decoding=\"async\" loading=\"lazy\" width=\"2000\" height=\"1330\" src=\"https:\/\/www.etrossi.de\/photography\/wp-content\/uploads\/2020\/12\/Sulzburg_2004-0011.jpg\" alt=\"\" data-id=\"24968\" data-full-url=\"https:\/\/www.etrossi.de\/photography\/wp-content\/uploads\/2020\/12\/Sulzburg_2004-0011.jpg\" data-link=\"https:\/\/www.etrossi.de\/photography\/sulzburg_2004-0011\/\" class=\"wp-image-24968\" srcset=\"https:\/\/www.etrossi.de\/photography\/wp-content\/uploads\/2020\/12\/Sulzburg_2004-0011.jpg 2000w, https:\/\/www.etrossi.de\/photography\/wp-content\/uploads\/2020\/12\/Sulzburg_2004-0011-300x200.jpg 300w, https:\/\/www.etrossi.de\/photography\/wp-content\/uploads\/2020\/12\/Sulzburg_2004-0011-768x511.jpg 768w, https:\/\/www.etrossi.de\/photography\/wp-content\/uploads\/2020\/12\/Sulzburg_2004-0011-1536x1021.jpg 1536w\" sizes=\"(max-width: 2000px) 100vw, 2000px\" title=\"\"><\/a><\/figure><\/li><li class=\"blocks-gallery-item\"><figure><a href=\"https:\/\/www.etrossi.de\/photography\/sulzburg_2004-0017\/\"><img decoding=\"async\" loading=\"lazy\" width=\"2000\" height=\"1330\" src=\"https:\/\/www.etrossi.de\/photography\/wp-content\/uploads\/2020\/12\/Sulzburg_2004-0017.jpg\" alt=\"\" data-id=\"24969\" data-full-url=\"https:\/\/www.etrossi.de\/photography\/wp-content\/uploads\/2020\/12\/Sulzburg_2004-0017.jpg\" data-link=\"https:\/\/www.etrossi.de\/photography\/sulzburg_2004-0017\/\" class=\"wp-image-24969\" srcset=\"https:\/\/www.etrossi.de\/photography\/wp-content\/uploads\/2020\/12\/Sulzburg_2004-0017.jpg 2000w, https:\/\/www.etrossi.de\/photography\/wp-content\/uploads\/2020\/12\/Sulzburg_2004-0017-300x200.jpg 300w, https:\/\/www.etrossi.de\/photography\/wp-content\/uploads\/2020\/12\/Sulzburg_2004-0017-768x511.jpg 768w, https:\/\/www.etrossi.de\/photography\/wp-content\/uploads\/2020\/12\/Sulzburg_2004-0017-1536x1021.jpg 1536w\" sizes=\"(max-width: 2000px) 100vw, 2000px\" title=\"\"><\/a><\/figure><\/li><\/ul><\/figure>\n<div class=\"speaker-mute footnotes_reference_container\"> <div class=\"footnote_container_prepare\"><p><span role=\"button\" tabindex=\"0\" class=\"footnote_reference_container_label pointer\" onclick=\"footnote_expand_collapse_reference_container_24964_1();\">Quellen<\/span><span role=\"button\" tabindex=\"0\" class=\"footnote_reference_container_collapse_button\" style=\"display: none;\" onclick=\"footnote_expand_collapse_reference_container_24964_1();\">[<a id=\"footnote_reference_container_collapse_button_24964_1\">+<\/a>]<\/span><\/p><\/div> <div id=\"footnote_references_container_24964_1\" style=\"\"><table class=\"footnotes_table footnote-reference-container\"><caption class=\"accessibility\">Quellen<\/caption> <tbody> \r\n\r\n<tr class=\"footnotes_plugin_reference_row\"> <th scope=\"row\" class=\"footnote_plugin_index_combi pointer\"  onclick=\"footnote_moveToAnchor_24964_1('footnote_plugin_tooltip_24964_1_1');\"><a id=\"footnote_plugin_reference_24964_1_1\" class=\"footnote_backlink\"><span class=\"footnote_index_arrow\">&#8593;<\/span>1<\/a><\/th> <td class=\"footnote_plugin_text\">Eduard Schuster: Die Burgen und Schl\u00f6sser Badens, Band 2: Der S\u00fcdwesten &#8211; Albgau, Breisgau und Ortenau, Freiburger Echo Verlag 2002, Reprint von 1908, Seite 105<\/td><\/tr>\r\n\r\n <\/tbody> <\/table> <\/div><\/div><script type=\"text\/javascript\"> function footnote_expand_reference_container_24964_1() { jQuery('#footnote_references_container_24964_1').show(); jQuery('#footnote_reference_container_collapse_button_24964_1').text('\u2212'); } function footnote_collapse_reference_container_24964_1() { jQuery('#footnote_references_container_24964_1').hide(); jQuery('#footnote_reference_container_collapse_button_24964_1').text('+'); } function footnote_expand_collapse_reference_container_24964_1() { if (jQuery('#footnote_references_container_24964_1').is(':hidden')) { footnote_expand_reference_container_24964_1(); } else { footnote_collapse_reference_container_24964_1(); } } function footnote_moveToReference_24964_1(p_str_TargetID) { footnote_expand_reference_container_24964_1(); var l_obj_Target = jQuery('#' + p_str_TargetID); if (l_obj_Target.length) { jQuery( 'html, body' ).delay( 0 ); jQuery('html, body').animate({ scrollTop: l_obj_Target.offset().top - window.innerHeight * 0.2 }, 380); } } function footnote_moveToAnchor_24964_1(p_str_TargetID) { footnote_expand_reference_container_24964_1(); var l_obj_Target = jQuery('#' + p_str_TargetID); if (l_obj_Target.length) { jQuery( 'html, body' ).delay( 0 ); jQuery('html, body').animate({ scrollTop: l_obj_Target.offset().top - window.innerHeight * 0.2 }, 380); } }<\/script>","protected":false},"excerpt":{"rendered":"<div class=\"mh-excerpt\"><p>Burgreste bei Sulzburg <a class=\"mh-excerpt-more\" href=\"https:\/\/www.etrossi.de\/photography\/2020\/12\/22\/burg-sulzburg\/\" title=\"Burg Sulzburg\">[&#8230;]<\/a><\/p>\n<\/div>","protected":false},"author":1,"featured_media":24959,"comment_status":"open","ping_status":"open","sticky":false,"template":"","format":"standard","meta":{"ngg_post_thumbnail":0,"_expiration-date-status":"saved","_expiration-date":0,"_expiration-date-type":"","_expiration-date-categories":[],"_expiration-date-options":[]},"categories":[1294,1298,1299],"tags":[],"tribe_events_cat":[],"festival":[],"fotografautor":[],"genre":[],"location":[],"on_road":[1315],"veranstalter":[],"acf":[],"_links":{"self":[{"href":"https:\/\/www.etrossi.de\/photography\/wp-json\/wp\/v2\/posts\/24964"}],"collection":[{"href":"https:\/\/www.etrossi.de\/photography\/wp-json\/wp\/v2\/posts"}],"about":[{"href":"https:\/\/www.etrossi.de\/photography\/wp-json\/wp\/v2\/types\/post"}],"author":[{"embeddable":true,"href":"https:\/\/www.etrossi.de\/photography\/wp-json\/wp\/v2\/users\/1"}],"replies":[{"embeddable":true,"href":"https:\/\/www.etrossi.de\/photography\/wp-json\/wp\/v2\/comments?post=24964"}],"version-history":[{"count":10,"href":"https:\/\/www.etrossi.de\/photography\/wp-json\/wp\/v2\/posts\/24964\/revisions"}],"predecessor-version":[{"id":24981,"href":"https:\/\/www.etrossi.de\/photography\/wp-json\/wp\/v2\/posts\/24964\/revisions\/24981"}],"wp:featuredmedia":[{"embeddable":true,"href":"https:\/\/www.etrossi.de\/photography\/wp-json\/wp\/v2\/media\/24959"}],"wp:attachment":[{"href":"https:\/\/www.etrossi.de\/photography\/wp-json\/wp\/v2\/media?parent=24964"}],"wp:term":[{"taxonomy":"category","embeddable":true,"href":"https:\/\/www.etrossi.de\/photography\/wp-json\/wp\/v2\/categories?post=24964"},{"taxonomy":"post_tag","embeddable":true,"href":"https:\/\/www.etrossi.de\/photography\/wp-json\/wp\/v2\/tags?post=24964"},{"taxonomy":"tribe_events_cat","embeddable":true,"href":"https:\/\/www.etrossi.de\/photography\/wp-json\/wp\/v2\/tribe_events_cat?post=24964"},{"taxonomy":"festival","embeddable":true,"href":"https:\/\/www.etrossi.de\/photography\/wp-json\/wp\/v2\/festival?post=24964"},{"taxonomy":"fotografautor","embeddable":true,"href":"https:\/\/www.etrossi.de\/photography\/wp-json\/wp\/v2\/fotografautor?post=24964"},{"taxonomy":"genre","embeddable":true,"href":"https:\/\/www.etrossi.de\/photography\/wp-json\/wp\/v2\/genre?post=24964"},{"taxonomy":"location","embeddable":true,"href":"https:\/\/www.etrossi.de\/photography\/wp-json\/wp\/v2\/location?post=24964"},{"taxonomy":"on_road","embeddable":true,"href":"https:\/\/www.etrossi.de\/photography\/wp-json\/wp\/v2\/on_road?post=24964"},{"taxonomy":"veranstalter","embeddable":true,"href":"https:\/\/www.etrossi.de\/photography\/wp-json\/wp\/v2\/veranstalter?post=24964"}],"curies":[{"name":"wp","href":"https:\/\/api.w.org\/{rel}","templated":true}]}}