{"id":22778,"date":"2019-10-19T08:47:05","date_gmt":"2019-10-19T06:47:05","guid":{"rendered":"https:\/\/www.etrossi.de\/photography\/?p=22778"},"modified":"2020-07-15T13:31:59","modified_gmt":"2020-07-15T11:31:59","slug":"bericht-night-fest-metal-x","status":"publish","type":"post","link":"https:\/\/www.etrossi.de\/photography\/2019\/10\/19\/bericht-night-fest-metal-x\/","title":{"rendered":"Bericht: Night Fest Metal X"},"content":{"rendered":"<div class=\"entry-tags clearfix\"><i class=\"fa fa-tags\"><\/i><ul style=\"list-style-type:none;\">\r\n<li><a style=\"color:white; text-decoration:none\" href=\"https:\/\/www.etrossi.de\/photography\/tag\/endstille\/\" rel=\"tag\">Endstille<\/a><\/li>\r\n<li><a style=\"color:white; text-decoration:none\" href=\"https:\/\/www.etrossi.de\/photography\/tag\/saor\/\" rel=\"tag\">Saor<\/a><\/li>\r\n<li><a style=\"color:white; text-decoration:none\" href=\"https:\/\/www.etrossi.de\/photography\/tag\/winterfylleth\/\" rel=\"tag\">Winterfylleth<\/a><\/li>\r\n<li><a style=\"color:white; text-decoration:none\" href=\"https:\/\/www.etrossi.de\/photography\/tag\/imperium-dekadenz\/\" rel=\"tag\">Imperium Dekadenz<\/a><\/li>\r\n<li><a style=\"color:white; text-decoration:none\" href=\"https:\/\/www.etrossi.de\/photography\/tag\/ultha\/\" rel=\"tag\">Ultha<\/a><\/li>\r\n<li><a style=\"color:white; text-decoration:none\" href=\"https:\/\/www.etrossi.de\/photography\/tag\/1914\/\" rel=\"tag\">1914<\/a><\/li>\r\n<li><a style=\"color:white; text-decoration:none\" href=\"https:\/\/www.etrossi.de\/photography\/tag\/wyatt-e\/\" rel=\"tag\">Wyatt E<\/a><\/li>\r\n<\/ul><\/div>\n<h4>Bands: Endstille, Saor, Winterfylleth, Imperium Dekadenz, Ultha, 1914, Wyatt E, (Lethvm)<\/h4>\n<p><!--more-->Date: 19.10.2019<br \/>\nLocation: <a id=\"u_0_1a\" class=\"_5xhk\" href=\"https:\/\/www.facebook.com\/LENTREPOTARLON\/?eid=ARBcY1PlzsWkC52EP8h0Bn2zQZdJbX9NT1VjKWGKQpQhmHWDKusMRfh5CLqGfpyE8xc3brm-mWURxUvB\" data-hovercard=\"\/ajax\/hovercard\/page.php?id=169745089893892&amp;extragetparams=%7B%22eid%22%3A%22ARBcY1PlzsWkC52EP8h0Bn2zQZdJbX9NT1VjKWGKQpQhmHWDKusMRfh5CLqGfpyE8xc3brm-mWURxUvB%22%7D\" data-hovercard-prefer-more-content-show=\"1\" target=\"_blank\" rel=\"noopener\">L&#8217;Entrep\u00f4t \u00c0 Arlon<\/a><br \/>\nOrganizer: <a id=\"js_21i\" href=\"https:\/\/www.facebook.com\/CronosAsbl\/?eid=ARB0UToO-bLFyDmNn4lDzBpoo1KMZUwvQ2g8Z0XWoCi0tfwh3GIhNJqOPlM5s83wO0rePL_mMmNMb2vl\" data-hovercard=\"\/ajax\/hovercard\/page.php?id=535408283154432&amp;extragetparams=%7B%22eid%22%3A%22ARB0UToO-bLFyDmNn4lDzBpoo1KMZUwvQ2g8Z0XWoCi0tfwh3GIhNJqOPlM5s83wO0rePL_mMmNMb2vl%22%7D\" data-hovercard-position=\"below\" aria-describedby=\"u_1j_1\" aria-owns=\"\" target=\"_blank\" rel=\"noopener\">Cronos ASBL<\/a><br \/>\nVeranstaltung auf <a href=\"https:\/\/www.facebook.com\/events\/352056142047846\/\" target=\"_blank\" rel=\"noopener noreferrer\">Facebook<\/a><\/p>\n<p><div class=\"entry-tags\"><i class=\"fa fa-file-text\"><\/i><ul style=\"list-style-type:none;\">\r\n<li><a style=\"color:white; text-decoration:none\" href=\"https:\/\/www.etrossi.de\/photography\/fotograf-info\/info-thomas-rossi\/\" rel=\"noopener noreferrer\">Thomas Rossi<\/a><\/li>\r\n<\/ul><\/div><\/p><br\/>\n<p><!--more--><\/p>\n<p><a href=\"https:\/\/www.etrossi.de\/photography\/2019\/10\/19\/photos-night-fest-metal-x-arlon\/\"><strong>&gt; Photos<\/strong><\/a><\/p>\n<p>Wenn wir vorher gewusst h\u00e4tten, dass die Band 1914 einen Tag zuvor im Le Grillen spielen w\u00fcrde, w\u00e4ren wir vermutlich nicht so weit gefahren. Aber zum Gl\u00fcck wussten wir es nicht, weil wir so in den Genuss ein ganz tollen kleinen Festivals im belgischen Arlon kamen. Mit fast durchg\u00e4ngig sehr guten Bands.<\/p>\n<p>Da das Festival um 14 Uhr starten sollte, das Hotel, das nur 50 Meter entfernt lag, aber erst um 15 Uhr \u00f6ffnete, beeilten wir uns nicht besonders und waren trotzdem schon um 14:15 vor Ort. Statt bl\u00f6d auf dem Parkplatz vom ALDI zu warten, beschlossen wir uns schon mal beim Festival \u201eanzumelden\u201c. G\u00e4steliste klappte problemlos und so h\u00f6rten wir uns ganz entspannt mal die erste Band an.<\/p>\n<p>Kurz vor 15 Uhr gings \u00fcber die Strasse um festzustellen, dass das Hotel nicht wirklich von 12-15 Uhr geschlossen war. An der Rezeption stand schon eine kleine Schlange von \u2026 dunkel gekleideten Konzertbesuchern. Das Zimmer war schnell bezogen, aufgrund der kleinen Location lies ich die zweite Kamera gleich \u201edaheim\u201c. W\u00fcrde nichst bringen. Und holen k\u00f6nnte man sie ja immer noch problemlos, das Hotel war wirklich in einer Minute zu erreichen.<br \/>\nApropos Hotel: e hatte mich ja schon vorgewarnt, das der Laden aufgrund der Bewertungen im Internet wohl nicht zur ersten Liga geh\u00f6ren w\u00fcrde. Und ja, das Hotel schrie nach einer Renovierung. Aber die Lage war unschlagbar und mehr als ein paar Stunden Schlaf erwarteten wir ja nicht. Das Fr\u00fchst\u00fcck wollten wir uns lieber selber in der K\u00fcchenzeile zubereiten.<\/p>\n<p>So startetet wir mit der zweiten belgischen Band, WAYTT E. Und die Jungs waren echt gut.<\/p>\n<p><a class=\"ngg-fancybox\" title=\"Wyatt E. - Night Fest Metal X 2019\" href=\"https:\/\/www.etrossi.de\/photography\/wp-content\/gallery\/wyatt-e\/WyattE-8557.jpg\" rel=\"\" data-image-id=\"11582\" data-src=\"https:\/\/www.etrossi.de\/photography\/wp-content\/gallery\/wyatt-e\/WyattE-8557.jpg\" data-thumbnail=\"https:\/\/www.etrossi.de\/photography\/wp-content\/gallery\/wyatt-e\/thumbs\/thumbs_WyattE-8557.jpg\" data-title=\"Wyatt E. - Night Fest Metal X 2019\" data-description=\"Wyatt E. - Night Fest Metal X 2019\" data-><img decoding=\"async\" class=\"ngg-singlepic ngg-none\" src=\"https:\/\/www.etrossi.de\/photography\/wp-content\/gallery\/wyatt-e\/thumbs\/thumbs_WyattE-8557.jpg\" alt=\"Wyatt E. - Night Fest Metal X 2019\" title=\"\"><\/a><br \/>\nDas fing ja schon gut an und als n\u00e4chstes kam die Band, wegen der wir eigentlich hier waren: 1914. Die Ukrainer waren absolut spitze, f\u00fcr mich einer der beiden Highlights des Festivals.<\/p>\n<p><a class=\"ngg-fancybox\" title=\"1914 - Night Fest Metal X 2019\" href=\"https:\/\/www.etrossi.de\/photography\/wp-content\/gallery\/1914\/1914-8714.jpg\" rel=\"\" data-image-id=\"11600\" data-src=\"https:\/\/www.etrossi.de\/photography\/wp-content\/gallery\/1914\/1914-8714.jpg\" data-thumbnail=\"https:\/\/www.etrossi.de\/photography\/wp-content\/gallery\/1914\/thumbs\/thumbs_1914-8714.jpg\" data-title=\"1914 - Night Fest Metal X 2019\" data-description=\"1914 - Night Fest Metal X 2019\" data-><img decoding=\"async\" class=\"ngg-singlepic ngg-none\" src=\"https:\/\/www.etrossi.de\/photography\/wp-content\/gallery\/1914\/thumbs\/thumbs_1914-8714.jpg\" alt=\"1914 - Night Fest Metal X 2019\" title=\"\"><\/a><br \/>\nWie erwartet kam dann mit ULTHA das mit Abstand schlechteste Licht \u2026 und die beste Musik. Die erste Band aus Deutschland und mit den 1914 f\u00fcr mich die Kr\u00f6nung des Festivals.<\/p>\n<p><a class=\"ngg-fancybox\" title=\"Ultha - Night Fest Metal X\" href=\"https:\/\/www.etrossi.de\/photography\/wp-content\/gallery\/ultha-from-thomas\/03_ultha-19-von-19.jpg\" rel=\"\" data-image-id=\"11720\" data-src=\"https:\/\/www.etrossi.de\/photography\/wp-content\/gallery\/ultha-from-thomas\/03_ultha-19-von-19.jpg\" data-thumbnail=\"https:\/\/www.etrossi.de\/photography\/wp-content\/gallery\/ultha-from-thomas\/thumbs\/thumbs_03_ultha-19-von-19.jpg\" data-title=\"Ultha - Night Fest Metal X\" data-description=\"Ultha - Night Fest Metal X\" data-><img decoding=\"async\" class=\"ngg-singlepic ngg-none\" src=\"https:\/\/www.etrossi.de\/photography\/wp-content\/gallery\/ultha-from-thomas\/thumbs\/thumbs_03_ultha-19-von-19.jpg\" alt=\"Ultha - Night Fest Metal X\" title=\"\"><\/a><\/p>\n<p>IMPERIUM DEKADENZ war der zweite Grund f\u00fcr uns, hierher zu fahren, weil die Band zwar damit wirbt, dass sie Black Metal aus dem Black Forest macht, aber hier so gut wie nie auftritt. Nachdem ich im Mai die Ehre gehabt hatte, die Hauptrolle in ihrem Musikvideo zu spielen, wollte ich die zwei Kerle (die die Band an sich bilden) unbedingt mal kennen lernen. Wir hatten schon ein paar Worte im Vorfeld gewechselt, die anderen Bandmitglieder begr\u00fcssten mich dann per Handschlag von der B\u00fchne runter und der Herr Horaz bot mir Wein (aus Frankreich) an ;-). Lustig, das machte Spass so. Der wurde dann leider etwas getr\u00fcbt, weil ein paar Chaoten meinten, sich ausleben zu m\u00fcssen und ohne R\u00fccksicht auf andere und mit in Kauf nehmen von schweren Verletzungen sich total gehen liessen. Der Freund einer Frau die noch vor Beginn von der Band geschw\u00e4rmt hatte und ganz aus dem H\u00e4uschen war, mischte sich zu arg ein, es war kurz vor einer Schl\u00e4gerei. Wir gingen nach der ausreichenden Anzahl Bilder wie immer nach hinten und genossen von da das Konzert.<br \/>\nDas nette Paar aus Deutschland haben wir danach nicht mehr gesehen, ich hoffe, der Abend war f\u00fcr die beiden trotzdem sch\u00f6n \u2026.<\/p>\n<p><a class=\"ngg-fancybox\" title=\"Imperium Dekadenz - Night Fest Metal X 2019\" href=\"https:\/\/www.etrossi.de\/photography\/wp-content\/gallery\/imperium-dekadenz-from-erika\/ImperiumDekadenz-9021.jpg\" rel=\"\" data-image-id=\"11800\" data-src=\"https:\/\/www.etrossi.de\/photography\/wp-content\/gallery\/imperium-dekadenz-from-erika\/ImperiumDekadenz-9021.jpg\" data-thumbnail=\"https:\/\/www.etrossi.de\/photography\/wp-content\/gallery\/imperium-dekadenz-from-erika\/thumbs\/thumbs_ImperiumDekadenz-9021.jpg\" data-title=\"Imperium Dekadenz - Night Fest Metal X 2019\" data-description=\"Imperium Dekadenz - Night Fest Metal X 2019\" data-><img decoding=\"async\" class=\"ngg-singlepic ngg-none\" src=\"https:\/\/www.etrossi.de\/photography\/wp-content\/gallery\/imperium-dekadenz-from-erika\/thumbs\/thumbs_ImperiumDekadenz-9021.jpg\" alt=\"Imperium Dekadenz - Night Fest Metal X 2019\" title=\"\"><\/a><br \/>\nVon der n\u00e4chsten Band hatten wir uns viel erwartet, aber irgendwie konnte WINTERFYLLETH uns nicht so richtig begeistern. Zumal man nach 10 geschossenen Bildern das Gef\u00fchl hatte, man h\u00e4tte alles gesehen. Keine anderen Gesten, keine Faxen.<\/p>\n<p><a class=\"ngg-fancybox\" title=\"Winterfylleth - Night Fest Metal X\" href=\"https:\/\/www.etrossi.de\/photography\/wp-content\/gallery\/winterfylleth-from-thomas\/05_winterfylleth-10-von-11.jpg\" rel=\"\" data-image-id=\"11755\" data-src=\"https:\/\/www.etrossi.de\/photography\/wp-content\/gallery\/winterfylleth-from-thomas\/05_winterfylleth-10-von-11.jpg\" data-thumbnail=\"https:\/\/www.etrossi.de\/photography\/wp-content\/gallery\/winterfylleth-from-thomas\/thumbs\/thumbs_05_winterfylleth-10-von-11.jpg\" data-title=\"Winterfylleth - Night Fest Metal X\" data-description=\"Winterfylleth - Night Fest Metal X\" data-><img decoding=\"async\" class=\"ngg-singlepic ngg-none\" src=\"https:\/\/www.etrossi.de\/photography\/wp-content\/gallery\/winterfylleth-from-thomas\/thumbs\/thumbs_05_winterfylleth-10-von-11.jpg\" alt=\"Winterfylleth - Night Fest Metal X\" title=\"\"><\/a><br \/>\nDa uns vom langen Stehen die F\u00fcsse weh taten, beschlossen wir eine kleine Auszeit im Hotelzimmer zu nehmen und und dort etwas aufs Bett zu liegen. Das fehlte auf diesem Festival wirklich als Einziges: Eine M\u00f6glichkeit, sich mal hinzusetzen.<\/p>\n<p>Das tat wirklich gut und so kamen wir regelrecht gest\u00e4rkt zu SAOR wieder in den Konzertsaal. Auch hier kam bei uns nicht die ganz grosse Freude auf und so waren wir bald wieder hinten am Eingang und tranken unser Bier. Das war \u00fcbrigens hervorragend, genau so die angebotenen \u201eCordon bleu\u201c Toast. Das war ein wirklich toll organisiertes Festival mit sehr motiviertem Personal.<\/p>\n<p><a class=\"ngg-fancybox\" title=\"Saor - Night Fest Metal X 2019\" href=\"https:\/\/www.etrossi.de\/photography\/wp-content\/gallery\/saor-from-erika\/Saor-9459.jpg\" rel=\"\" data-image-id=\"11849\" data-src=\"https:\/\/www.etrossi.de\/photography\/wp-content\/gallery\/saor-from-erika\/Saor-9459.jpg\" data-thumbnail=\"https:\/\/www.etrossi.de\/photography\/wp-content\/gallery\/saor-from-erika\/thumbs\/thumbs_Saor-9459.jpg\" data-title=\"Saor - Night Fest Metal X 2019\" data-description=\"Saor - Night Fest Metal X 2019\" data-><img decoding=\"async\" class=\"ngg-singlepic ngg-none\" src=\"https:\/\/www.etrossi.de\/photography\/wp-content\/gallery\/saor-from-erika\/thumbs\/thumbs_Saor-9459.jpg\" alt=\"Saor - Night Fest Metal X 2019\" title=\"\"><\/a><br \/>\nZuf\u00e4llig standen die zwei Jungs von IMPERIUM DEKADENZ neben uns und nun wurde ganz eifrig und lange geredet, wobei Vespasian nicht m\u00fcde wurde, sich \u00fcber meinen badischen Dialekt zu freuen. Wo ich doch immer denke, ich spreche fast Hochdeutsch &#x1f609;<br \/>\nEs war toll, mal so viel \u00fcber eine Band zu erfahren, ihre Motivation, ihre Erfahrungen.<\/p>\n<p>Wir w\u00fcrden wohl immer noch reden, wenn dann nicht ENDSTILLE gerufen h\u00e4tte (was f\u00fcr ein famoses Wortspiel). Die Headliner waren dann wieder eien Band, die mir voll lag und \u00fcber die ich mich sehr freute. Zumal der Zingi mir schon gleich am Anfang um den Hals gefallen war, aus lauter Freude, uns zu sehen.<\/p>\n<p><a class=\"ngg-fancybox\" title=\"Endstille - Night Fest Metal X\" href=\"https:\/\/www.etrossi.de\/photography\/wp-content\/gallery\/endstille-from-thomas-1\/07_endstille-1-von-28.jpg\" rel=\"\" data-image-id=\"11772\" data-src=\"https:\/\/www.etrossi.de\/photography\/wp-content\/gallery\/endstille-from-thomas-1\/07_endstille-1-von-28.jpg\" data-thumbnail=\"https:\/\/www.etrossi.de\/photography\/wp-content\/gallery\/endstille-from-thomas-1\/thumbs\/thumbs_07_endstille-1-von-28.jpg\" data-title=\"Endstille - Night Fest Metal X\" data-description=\"Endstille - Night Fest Metal X\" data-><img decoding=\"async\" class=\"ngg-singlepic ngg-none\" src=\"https:\/\/www.etrossi.de\/photography\/wp-content\/gallery\/endstille-from-thomas-1\/thumbs\/thumbs_07_endstille-1-von-28.jpg\" alt=\"Endstille - Night Fest Metal X\" title=\"\"><\/a><br \/>\nHier machte ich nochmal richtig viele Fotos, ich war hoch motiviert. Danach war aber wirklich unser Limit erreicht, ein Abschlussbier und die paar Meter ins Hotel r\u00fcber.<br \/>\nUnd entgegen meinen Bef\u00fcrchtungen (viel Bands wohnten auch da) war es gar nicht laut im Hotel und ich schlief viel mehr als erwartet. Das selbstgemachte Fr\u00fchst\u00fcck war auch dann klasse, ein rundherum gelungener Ausflug.<\/p>\n<p>&nbsp;<\/p>\n","protected":false},"excerpt":{"rendered":"<div class=\"mh-excerpt\"><p>Bands: Endstille, Saor, Winterfylleth, Imperium Dekadenz, Ultha, 1914, Wyatt E, (Lethvm)<\/p>\n<\/div>","protected":false},"author":1,"featured_media":22780,"comment_status":"open","ping_status":"open","sticky":false,"template":"","format":"standard","meta":{"ngg_post_thumbnail":0,"_expiration-date-status":"saved","_expiration-date":0,"_expiration-date-type":"","_expiration-date-categories":[],"_expiration-date-options":[]},"categories":[21,302],"tags":[1063,1064,1065,1060,1061,1062,257,923],"tribe_events_cat":[],"festival":[1187],"fotografautor":[1204],"genre":[318,323],"location":[1188],"on_road":[],"veranstalter":[1209],"acf":[],"_links":{"self":[{"href":"https:\/\/www.etrossi.de\/photography\/wp-json\/wp\/v2\/posts\/22778"}],"collection":[{"href":"https:\/\/www.etrossi.de\/photography\/wp-json\/wp\/v2\/posts"}],"about":[{"href":"https:\/\/www.etrossi.de\/photography\/wp-json\/wp\/v2\/types\/post"}],"author":[{"embeddable":true,"href":"https:\/\/www.etrossi.de\/photography\/wp-json\/wp\/v2\/users\/1"}],"replies":[{"embeddable":true,"href":"https:\/\/www.etrossi.de\/photography\/wp-json\/wp\/v2\/comments?post=22778"}],"version-history":[{"count":5,"href":"https:\/\/www.etrossi.de\/photography\/wp-json\/wp\/v2\/posts\/22778\/revisions"}],"predecessor-version":[{"id":24225,"href":"https:\/\/www.etrossi.de\/photography\/wp-json\/wp\/v2\/posts\/22778\/revisions\/24225"}],"wp:featuredmedia":[{"embeddable":true,"href":"https:\/\/www.etrossi.de\/photography\/wp-json\/wp\/v2\/media\/22780"}],"wp:attachment":[{"href":"https:\/\/www.etrossi.de\/photography\/wp-json\/wp\/v2\/media?parent=22778"}],"wp:term":[{"taxonomy":"category","embeddable":true,"href":"https:\/\/www.etrossi.de\/photography\/wp-json\/wp\/v2\/categories?post=22778"},{"taxonomy":"post_tag","embeddable":true,"href":"https:\/\/www.etrossi.de\/photography\/wp-json\/wp\/v2\/tags?post=22778"},{"taxonomy":"tribe_events_cat","embeddable":true,"href":"https:\/\/www.etrossi.de\/photography\/wp-json\/wp\/v2\/tribe_events_cat?post=22778"},{"taxonomy":"festival","embeddable":true,"href":"https:\/\/www.etrossi.de\/photography\/wp-json\/wp\/v2\/festival?post=22778"},{"taxonomy":"fotografautor","embeddable":true,"href":"https:\/\/www.etrossi.de\/photography\/wp-json\/wp\/v2\/fotografautor?post=22778"},{"taxonomy":"genre","embeddable":true,"href":"https:\/\/www.etrossi.de\/photography\/wp-json\/wp\/v2\/genre?post=22778"},{"taxonomy":"location","embeddable":true,"href":"https:\/\/www.etrossi.de\/photography\/wp-json\/wp\/v2\/location?post=22778"},{"taxonomy":"on_road","embeddable":true,"href":"https:\/\/www.etrossi.de\/photography\/wp-json\/wp\/v2\/on_road?post=22778"},{"taxonomy":"veranstalter","embeddable":true,"href":"https:\/\/www.etrossi.de\/photography\/wp-json\/wp\/v2\/veranstalter?post=22778"}],"curies":[{"name":"wp","href":"https:\/\/api.w.org\/{rel}","templated":true}]}}