{"id":18584,"date":"2019-07-14T09:01:36","date_gmt":"2019-07-14T07:01:36","guid":{"rendered":"https:\/\/www.etrossi.de\/photography\/?p=18584"},"modified":"2019-11-15T10:34:09","modified_gmt":"2019-11-15T09:34:09","slug":"bericht-iggy-pop","status":"publish","type":"post","link":"https:\/\/www.etrossi.de\/photography\/2019\/07\/14\/bericht-iggy-pop\/","title":{"rendered":"Bericht: Iggy Pop"},"content":{"rendered":"<h4>Band: Iggy Pop<\/h4>\n<p><!--more--><\/p>\n<p>Date: 14.07.2019<br \/>\nLocation: Marktplatz L\u00f6rrach<br \/>\n<a href=\"https:\/\/www.facebook.com\/events\/415072112368990\/\" target=\"_blank\" rel=\"noopener\">Facebook<\/a><br \/>\nOrganizer: Stimmen<br \/>\nText: Thomas Rossi<\/p>\n<p><a href=\"https:\/\/www.etrossi.de\/photography\/2019\/07\/14\/photos-iggy-pop\/\"><strong>Photos<\/strong><\/a><\/p>\n<p>Am Sonntag kamen wir vom <a href=\"https:\/\/www.etrossi.de\/photography\/2019\/07\/13\/photos-forest-fest-viii\/\">Forest Fest<\/a> zur\u00fcck und gleich am Abend durfte ich zu IGGY POP nach L\u00f6rrach. War sicher nicht die optimale Fortsetzung, weder von der Musikrichtung noch von der k\u00f6rperlichen Fitness &#x1f609;<\/p>\n<p>Aber wir sind ja Profis. Das heisst: Ich, denn Erika war die Akkreditierung wieder entzogen worden. Warum war mir nicht klar, auch nicht nach einem pers\u00f6nlichen Gespr\u00e4ch vor Ort. Der Graben war riesig und es waren nur ca. 10 Fotografen da.<\/p>\n<p>Dazu kam das Wetter: Es sah in der Vorschau nicht gut aus und genau mit meinem Eintreffen in L\u00f6rrach fing es an zu tr\u00f6pfeln. Da ich nat\u00fcrlich fr\u00fch da war und die Abendkasse noch geschlossen, setzte ich mich ins sehr nahe Eiscaf\u00e9 und beobachtet die ewig lange Schlange von Menschen. Der Regen nahm zu. Sehr sogar, der Sonnenschirm des Eiscaf\u00e9s war am Limit, ein Wasserschwall traf meine Schulter. Das war kein Wetter zum Fotografieren.<\/p>\n<p>Ich staunte nicht schlecht, wie schnell sich die Schlange aufl\u00f6ste, nachdem die Kasse ge\u00f6ffnet hatte. Keine 10 Minuten und niemand stand mehr an. Das sprach f\u00fcr eine hervorragende Organisation.<\/p>\n<p>Die freundlichen Ordner wiesen mir auch gleich den Weg ins nahe Geb\u00e4ude zur Presseakkreditierung und hier war es sch\u00f6n: Warm und trocken. Und hier traf ich auch einen guten Kollegen, den D., was meine Stimmung etwas hob.<\/p>\n<p>Weniger, dass man nachher ohne Taschen zusammen zur B\u00fchne gehen w\u00fcrde. Durch DEN Regen. Meine Kameras taten mir leid. Andererseits mussten sie das aushalten. Ein Einpacken wie D. es tat, schien mir zwar gut f\u00fcr die Ger\u00e4te selber, aber schlecht f\u00fcr die Bedienung.<\/p>\n<p>Die \u201eVorband\u201c sollte um 20 Uhr anfangen, also marschierten wir 5 vor los und gelangten im G\u00e4nsemarsch durch den Regen und einen Spezialeingang neben die B\u00fchne. Die Kameras waren tropfnass, man sah durch den Sucher fast nix.<\/p>\n<p>An sich interessieret mich die Damenband FEMINA nicht besonders, aber ich nahm sie als Gelegenheit wahr, die Kamera einzustellen und zu sehen, wo es vor der B\u00fchne trocken war und wo Wasserf\u00e4lle vom Dachrand runterkamen. Diese trafen einige Zuschauer, die total durchn\u00e4sst waren und froren. Aber auch hier beeindruckte mich die Organisation: Es gab Rettungsdecken vom Roten Kreuz f\u00fcr die Leute. Klasse!<\/p>\n<p>Nach den drei erlaubten St\u00fccken dachte ich, das wir wieder ins Trockene zur\u00fcckkehren sollten, aber irgendwie war wohl der Plan ge\u00e4ndert worden. So standen wir im Regenschutz der Gesch\u00e4fte nebenan und warten auf den Auftritt des Meisters. So ca. 45 Minuten dauerte das Warten und w\u00e4rmer wurde einem auch nicht. Immerhin schien der Regen nachzulassen.<\/p>\n<p>Schien aber nur, denn mit dem Auftritts des \u201eGodfather of Punks\u201c begann es wieder richtig zu giessen. Egal, da musste man durch und nach 8 Minuten war alles vorbei. Zwei St\u00fccke, nicht frontal von vorne. Das waren die Vorgaben. Die erf\u00fcllte ich und im Nachhinein wurden die Bilder doch recht gut.<\/p>\n<p>Sofort nach dem Fotografieren eilte ich zur\u00fcck, packte meine Sachen und ab ins Auto und in HH traf ich um 22 Uhr die Erika und wir gingen noch gem\u00fctlich ein Bier trinken.<\/p>\n<p>Gar nicht so schlecht der Tag \u2026<\/p>\n","protected":false},"excerpt":{"rendered":"<div class=\"mh-excerpt\"><p>Band: Iggy Pop<\/p>\n<\/div>","protected":false},"author":1,"featured_media":21888,"comment_status":"open","ping_status":"closed","sticky":false,"template":"","format":"standard","meta":{"ngg_post_thumbnail":0,"_expiration-date-status":"saved","_expiration-date":0,"_expiration-date-type":"","_expiration-date-categories":[],"_expiration-date-options":[]},"categories":[21,302],"tags":[976],"tribe_events_cat":[],"festival":[974],"fotografautor":[1204],"genre":[324,775],"location":[1210],"on_road":[],"veranstalter":[975],"acf":[],"_links":{"self":[{"href":"https:\/\/www.etrossi.de\/photography\/wp-json\/wp\/v2\/posts\/18584"}],"collection":[{"href":"https:\/\/www.etrossi.de\/photography\/wp-json\/wp\/v2\/posts"}],"about":[{"href":"https:\/\/www.etrossi.de\/photography\/wp-json\/wp\/v2\/types\/post"}],"author":[{"embeddable":true,"href":"https:\/\/www.etrossi.de\/photography\/wp-json\/wp\/v2\/users\/1"}],"replies":[{"embeddable":true,"href":"https:\/\/www.etrossi.de\/photography\/wp-json\/wp\/v2\/comments?post=18584"}],"version-history":[{"count":4,"href":"https:\/\/www.etrossi.de\/photography\/wp-json\/wp\/v2\/posts\/18584\/revisions"}],"predecessor-version":[{"id":22785,"href":"https:\/\/www.etrossi.de\/photography\/wp-json\/wp\/v2\/posts\/18584\/revisions\/22785"}],"wp:featuredmedia":[{"embeddable":true,"href":"https:\/\/www.etrossi.de\/photography\/wp-json\/wp\/v2\/media\/21888"}],"wp:attachment":[{"href":"https:\/\/www.etrossi.de\/photography\/wp-json\/wp\/v2\/media?parent=18584"}],"wp:term":[{"taxonomy":"category","embeddable":true,"href":"https:\/\/www.etrossi.de\/photography\/wp-json\/wp\/v2\/categories?post=18584"},{"taxonomy":"post_tag","embeddable":true,"href":"https:\/\/www.etrossi.de\/photography\/wp-json\/wp\/v2\/tags?post=18584"},{"taxonomy":"tribe_events_cat","embeddable":true,"href":"https:\/\/www.etrossi.de\/photography\/wp-json\/wp\/v2\/tribe_events_cat?post=18584"},{"taxonomy":"festival","embeddable":true,"href":"https:\/\/www.etrossi.de\/photography\/wp-json\/wp\/v2\/festival?post=18584"},{"taxonomy":"fotografautor","embeddable":true,"href":"https:\/\/www.etrossi.de\/photography\/wp-json\/wp\/v2\/fotografautor?post=18584"},{"taxonomy":"genre","embeddable":true,"href":"https:\/\/www.etrossi.de\/photography\/wp-json\/wp\/v2\/genre?post=18584"},{"taxonomy":"location","embeddable":true,"href":"https:\/\/www.etrossi.de\/photography\/wp-json\/wp\/v2\/location?post=18584"},{"taxonomy":"on_road","embeddable":true,"href":"https:\/\/www.etrossi.de\/photography\/wp-json\/wp\/v2\/on_road?post=18584"},{"taxonomy":"veranstalter","embeddable":true,"href":"https:\/\/www.etrossi.de\/photography\/wp-json\/wp\/v2\/veranstalter?post=18584"}],"curies":[{"name":"wp","href":"https:\/\/api.w.org\/{rel}","templated":true}]}}