{"id":17586,"date":"2019-07-13T11:39:45","date_gmt":"2019-07-13T09:39:45","guid":{"rendered":"https:\/\/www.etrossi.de\/photography\/?p=17586"},"modified":"2019-10-25T08:54:04","modified_gmt":"2019-10-25T06:54:04","slug":"bericht-forest-fest-viii","status":"publish","type":"post","link":"https:\/\/www.etrossi.de\/photography\/2019\/07\/13\/bericht-forest-fest-viii\/","title":{"rendered":"Bericht: Forest Fest VIII"},"content":{"rendered":"<h4>Bands Forest Fest:&nbsp;<a href=\"https:\/\/www.facebook.com\/Sacrifizer-194593791286396\/\" target=\"_blank\" rel=\"noopener\">Sacrifizer<\/a>,&nbsp;<a href=\"https:\/\/www.facebook.com\/libernull\/\" target=\"_blank\" rel=\"noopener\">Liber Null<\/a>,&nbsp;<a href=\"https:\/\/www.facebook.com\/BlackMarchOfficial\/\" target=\"_blank\" rel=\"noopener\">Black March<\/a>,&nbsp;<a href=\"https:\/\/www.facebook.com\/stahlsarguk\/\" target=\"_blank\" rel=\"noopener\">Stahlsarg<\/a>,&nbsp;<a href=\"https:\/\/www.facebook.com\/frostmooneclipse\/\" target=\"_blank\" rel=\"noopener\">Frostmoon Eclipse<\/a>,&nbsp;<a href=\"https:\/\/www.facebook.com\/Moonreich\/\" target=\"_blank\" rel=\"noopener\">Moonreich<\/a>,&nbsp;<a href=\"https:\/\/www.facebook.com\/svarttjern\/\" target=\"_blank\" rel=\"noopener\">Svarttjern<\/a>,&nbsp;<a href=\"https:\/\/www.facebook.com\/taakeofficial\/\" target=\"_blank\" rel=\"noopener\">Taake<\/a>,&nbsp;<a href=\"https:\/\/www.facebook.com\/SUTUREofficiel\/\" target=\"_blank\" rel=\"noopener\">Suture<\/a>,&nbsp;<a href=\"https:\/\/www.facebook.com\/Absolvtion-1617993028453064\/\" target=\"_blank\" rel=\"noopener\">Absolvtion<\/a>,&nbsp;<a href=\"https:\/\/www.facebook.com\/tenebraeaeternum\/\" target=\"_blank\" rel=\"noopener\">Tenebrae Aeternum,<\/a>&nbsp;<a href=\"https:\/\/www.facebook.com\/eggsofgomorrh\/\" target=\"_blank\" rel=\"noopener\">Eggs of Gommorrh<\/a>,&nbsp;<a href=\"https:\/\/www.facebook.com\/BLISSOFFLESH\/\" target=\"_blank\" rel=\"noopener\">Bliss Of Flesh<\/a>,&nbsp;Heinous,&nbsp;<a href=\"https:\/\/www.facebook.com\/skelethal\/\" target=\"_blank\" rel=\"noopener\">Skelethal<\/a>,&nbsp;<a href=\"https:\/\/www.facebook.com\/whiskeyritualofficialpage\/\" target=\"_blank\" rel=\"noopener\">Whiskey Ritual<\/a>,&nbsp;<a href=\"https:\/\/www.facebook.com\/belenos.bzh\/\" target=\"_blank\" rel=\"noopener\">Belenos<\/a>,&nbsp;<a href=\"https:\/\/www.facebook.com\/HereticManiacs\/\" target=\"_blank\" rel=\"noopener\">Heretic<\/a>,&nbsp;<a href=\"https:\/\/www.facebook.com\/Slaughtercult\/\" target=\"_blank\" rel=\"noopener\">Darkened Nocturn Slaughtercult<\/a>,&nbsp;<a href=\"https:\/\/www.facebook.com\/Official.Forgotten.Tomb\/\" target=\"_blank\" rel=\"noopener\">Forgotten Tomb<\/a><\/h4>\n<p>Date: 12.\/13.07.2019<br \/>\nLocation: Chevenez (CH)<br \/>\n<a href=\"https:\/\/www.facebook.com\/events\/1033801003493366\/\" target=\"_blank\" rel=\"noopener\">Facebook<\/a><br \/>\nOrganizer: <a href=\"https:\/\/www.facebook.com\/lahordesequane\/\" target=\"_blank\" rel=\"noopener\">La Horde Sequane<\/a><\/p>\n<p><a href=\"https:\/\/www.etrossi.de\/photography\/2019\/07\/13\/photos-forest-fest-viii\/\">Photos<\/a><\/p>\n<p>Freitag 12.07.2019<br \/>\n16.00 &#8211; 16.35 Sacrifizer<br \/>\n16.55 &#8211; 17.35 Liber Null<br \/>\n17.55 &#8211; 18.35 Black March<br \/>\n18.55 &#8211; 19.35 Stahlsarg<br \/>\n19.55 \u2013 20.40 Frostmoon Eclipse<br \/>\n21.00 \u2013 21.45 Moonreich<br \/>\n22.10 \u2013 23.10 Svarttjern<br \/>\n23.30 \u2013 00.30 Taake<\/p>\n<p>Samstag 13.07.2019<br \/>\n12.15 \u2013 12.45 Suture<br \/>\n13.05 \u2013 13.40 Absolvtion<br \/>\n14.00 \u2013 14.35 Tenebrae Aeternum<br \/>\n14.55 \u2013 15.30 Eggs of Gommorrh<br \/>\n15.50 \u2013 16.30 Bliss Of Flesh<br \/>\n16.50 &#8211; 17.30 Heinous<br \/>\n17.50 \u2013 18.35 Skelethal<br \/>\n18.55 \u2013 19.40 Whiskey Ritual<br \/>\n20.00 \u2013 20.50 Belenos<br \/>\n21.10 \u2013 22.00 Heretic<br \/>\n22.30 &#8211; 23.30 Darkened&nbsp;Nocturn Slaughtercult<br \/>\n23.50 \u2013 00.50 Forgotten Tomb<\/p>\n<p>&nbsp;<\/p>\n<p>Auf dieses Festival hatten wir uns besonders gefreut. Nicht nur das Programm klang toll, nein, wir waren auf kurzfristig zu den offiziellen Festival-Fotografen ernannt worden. Der urspr\u00fcngliche Mensch war wohl abgesprungen.<br \/>\nWas das genau f\u00fcr uns bedeutete, war uns nicht klar, aber das klang nach Backstage, Freigetr\u00e4nken und -essen, Sofa zum Ausruhen \u2026<\/p>\n<p><strong>Freitag, 12.07.2019<\/strong><\/p>\n<p>Ganz so lies es sich nicht an, aber einen VIP-Parkplatz direkt vor dem Eingang bekamen wir. Nachdem ein Ordner unseren Defender arg bewundert hatte. Und rote VIP Armb\u00e4nder. Die hatte sonst niemand. Immerhin, das fing gut an.<br \/>\nDer Platz war noch recht leer, da wir auch \u201eStimmungsfots\u201c machen sollten, spazierten wir erstmal zum Campingplatz und lichteten ein paar G\u00e4ste beim Aufbau und relaxen ab.<br \/>\nDas Bier mussten wir jedenfalls bezahlen, und das war echt teuer. Da war ich schon mal echt etwas entt\u00e4uscht. So eine Verzehrkarte w\u00e4re ne nette Geste gewesen.<\/p>\n<p>Bei den ersten Bands war das Fotografieren sehr einfach.. Viel Platz vor der B\u00fchne und helles Tageslicht. Nicht stimmungsvoll, aber die Bilder wurden sehr scharf.<br \/>\nAllerdings taten sich die ersten Bands auch nicht besondere Optik oder Action hervorheben.<br \/>\nDas \u00e4nderte sich dann schlagartig mit <strong>Stahlsarg<\/strong> (was f\u00fcr ein Name!). Da kam zum ersten Mal tolles Outfit mit Bemalung und Mimik r\u00fcber. So macht das Fotografieren Spass.<\/p>\n<p><a class=\"ngg-fancybox\" title=\"Stahlsarg - Forest Fest 2019\" href=\"https:\/\/www.etrossi.de\/photography\/wp-content\/gallery\/stahlsarg-from-erika\/Stahlsarg-1200.jpg\" rel=\"\" data-image-id=\"9119\" data-src=\"https:\/\/www.etrossi.de\/photography\/wp-content\/gallery\/stahlsarg-from-erika\/Stahlsarg-1200.jpg\" data-thumbnail=\"https:\/\/www.etrossi.de\/photography\/wp-content\/gallery\/stahlsarg-from-erika\/thumbs\/thumbs_Stahlsarg-1200.jpg\" data-title=\"Stahlsarg - Forest Fest 2019\" data-description=\"Stahlsarg - Forest Fest 2019\" data-><img decoding=\"async\" class=\"ngg-singlepic ngg-none\" src=\"https:\/\/www.etrossi.de\/photography\/wp-content\/gallery\/stahlsarg-from-erika\/thumbs\/thumbs_Stahlsarg-1200.jpg\" alt=\"Stahlsarg - Forest Fest 2019\" title=\"\"><\/a><\/p>\n<p>Allerdings wurde es nun so langsam vor der B\u00fchne voller und \u2026 leider auch wilder. Ein paar Leute hatten sich schon so heftig in Stimmung getrunken, dass sie kaum noch stehen konnten und sie fanden es wohl lustig, sich voll in die Menge zu werfen, um dann auf dem Boden niederzugehen. Das war extrem gef\u00e4hrlich. Zum Gl\u00fcck schritten dann irgendwann mal die Leute von der \u201eStaff\u201c ein.<br \/>\nDas \u00e4nderte aber nicht viel, weil nun sehr viele Leute ihren Gef\u00fchlen freien Lauf liessen und sp\u00e4testen mit <strong>Moonreich<\/strong> war es sehr schwer zu knipsen. Die zweite Kamera wurde nun eingepackt, es war viel zu gef\u00e4hrlich. Schade, man h\u00e4tte viel bessere Bilder machen k\u00f6nnen, aber offenbar war das ein Fest f\u00fcr Wilde.<\/p>\n<p><a class=\"ngg-fancybox\" title=\"Moonreich - Forest Fest 2019\" href=\"https:\/\/www.etrossi.de\/photography\/wp-content\/gallery\/moonreich-from-erika\/Moonreich-1527.jpg\" rel=\"\" data-image-id=\"9171\" data-src=\"https:\/\/www.etrossi.de\/photography\/wp-content\/gallery\/moonreich-from-erika\/Moonreich-1527.jpg\" data-thumbnail=\"https:\/\/www.etrossi.de\/photography\/wp-content\/gallery\/moonreich-from-erika\/thumbs\/thumbs_Moonreich-1527.jpg\" data-title=\"Moonreich - Forest Fest 2019\" data-description=\"Moonreich - Forest Fest 2019\" data-><img decoding=\"async\" class=\"ngg-singlepic ngg-none\" src=\"https:\/\/www.etrossi.de\/photography\/wp-content\/gallery\/moonreich-from-erika\/thumbs\/thumbs_Moonreich-1527.jpg\" alt=\"Moonreich - Forest Fest 2019\" title=\"\"><\/a><\/p>\n<p>Genauso wild, nein noch eine Spur heftiger ging es bei <strong>Svarttjern<\/strong> zu. Trotzdem waren das meine Favoriten an dem Tag. Die machten einfach Spass!<\/p>\n<p><a class=\"ngg-fancybox\" title=\"Svarttjern - Forest Fest 2019\" href=\"https:\/\/www.etrossi.de\/photography\/wp-content\/gallery\/svarttjern-from-erika\/Svarttjern-2034.jpg\" rel=\"\" data-image-id=\"9253\" data-src=\"https:\/\/www.etrossi.de\/photography\/wp-content\/gallery\/svarttjern-from-erika\/Svarttjern-2034.jpg\" data-thumbnail=\"https:\/\/www.etrossi.de\/photography\/wp-content\/gallery\/svarttjern-from-erika\/thumbs\/thumbs_Svarttjern-2034.jpg\" data-title=\"Svarttjern - Forest Fest 2019\" data-description=\"Svarttjern - Forest Fest 2019\" data-><img decoding=\"async\" class=\"ngg-singlepic ngg-none\" src=\"https:\/\/www.etrossi.de\/photography\/wp-content\/gallery\/svarttjern-from-erika\/thumbs\/thumbs_Svarttjern-2034.jpg\" alt=\"Svarttjern - Forest Fest 2019\" title=\"\"><\/a><\/p>\n<p>Den Headliner <strong>Taake<\/strong> schauten wir uns gar nimmer ganz an. Beim Wegfahren mussten wir sehr aufpassen, dass wir keien Leute \u00fcberfuhren, denn auf der Wiese wo wir parkten sassen und lagen einige im Gras. Aber die Staff war aufmerksam und \u201everscheuchte\u201c sie.<\/p>\n<p><a class=\"ngg-fancybox\" title=\"Taake - Forest Fest 2019\" href=\"https:\/\/www.etrossi.de\/photography\/wp-content\/gallery\/taake-from-erika\/Taake-2315.jpg\" rel=\"\" data-image-id=\"9284\" data-src=\"https:\/\/www.etrossi.de\/photography\/wp-content\/gallery\/taake-from-erika\/Taake-2315.jpg\" data-thumbnail=\"https:\/\/www.etrossi.de\/photography\/wp-content\/gallery\/taake-from-erika\/thumbs\/thumbs_Taake-2315.jpg\" data-title=\"Taake - Forest Fest 2019\" data-description=\"Taake - Forest Fest 2019\" data-><img decoding=\"async\" class=\"ngg-singlepic ngg-none\" src=\"https:\/\/www.etrossi.de\/photography\/wp-content\/gallery\/taake-from-erika\/thumbs\/thumbs_Taake-2315.jpg\" alt=\"Taake - Forest Fest 2019\" title=\"\"><\/a><\/p>\n<p>&nbsp;<\/p>\n<p><strong>Samstag, 13.07.2019<\/strong><\/p>\n<p>Der n\u00e4chste Tag versprach anstrengend zu werden. 12 Bands! Zw\u00f6lf!!! Es fing auch schon um 12:15 Uhr an und wie erwartet, mit eher farblosen Bands. Die grosse \u00dcberraschung kam aber schon mit <strong>Tenebrae Aeternum<\/strong>, der Nummer 3. Sehr blutige Bemalung und tolle Grimassen. Das war ein echtes Highlight und unsere zugegebenermassen wenig heitere Stimmung bekam einen richtigen Aufw\u00e4rtstrend.<\/p>\n<p><a class=\"ngg-fancybox\" title=\"Tenebrae Aeternum - Forest Fest 2019\" href=\"https:\/\/www.etrossi.de\/photography\/wp-content\/gallery\/tenebrae-aeternum-from-erika\/TenebraeAeternum-2644.jpg\" rel=\"\" data-image-id=\"9328\" data-src=\"https:\/\/www.etrossi.de\/photography\/wp-content\/gallery\/tenebrae-aeternum-from-erika\/TenebraeAeternum-2644.jpg\" data-thumbnail=\"https:\/\/www.etrossi.de\/photography\/wp-content\/gallery\/tenebrae-aeternum-from-erika\/thumbs\/thumbs_TenebraeAeternum-2644.jpg\" data-title=\"Tenebrae Aeternum - Forest Fest 2019\" data-description=\"Tenebrae Aeternum - Forest Fest 2019\" data-><img decoding=\"async\" class=\"ngg-singlepic ngg-none\" src=\"https:\/\/www.etrossi.de\/photography\/wp-content\/gallery\/tenebrae-aeternum-from-erika\/thumbs\/thumbs_TenebraeAeternum-2644.jpg\" alt=\"Tenebrae Aeternum - Forest Fest 2019\" title=\"\"><\/a><\/p>\n<p>Mit den <strong>Eggs Of Gomorrh<\/strong> kam aber dann schon wieder die Ern\u00fcchterung. Hier wurde v\u00f6llig lieblos mit dem Blut \u201egespielt\u201c, was bei den Vorg\u00e4ngern noch so kunstvoll r\u00fcbergekommen war.<br \/>\nSo richtig begeistern konnten mich die n\u00e4chsten Bands nicht, aber es wurde klar voller und daher wanderte das 200er mit Kamera schnell ins Gep\u00e4ck und zur sicheren Aufbewahrung hinter die Theke. Die vorderen Reihen war nun schnell besetzt, man musste fr\u00fch hinstehen, schon beim Beginn des Soundchecks, um einen Platz zu bekommen.<\/p>\n<p><a class=\"ngg-fancybox\" title=\"Eggs of Gomorrh - Forest Fest 2019\" href=\"https:\/\/www.etrossi.de\/photography\/wp-content\/gallery\/eggs-of-gommorrh-from-erika\/EggsOfGommorrh-2893.jpg\" rel=\"\" data-image-id=\"9363\" data-src=\"https:\/\/www.etrossi.de\/photography\/wp-content\/gallery\/eggs-of-gommorrh-from-erika\/EggsOfGommorrh-2893.jpg\" data-thumbnail=\"https:\/\/www.etrossi.de\/photography\/wp-content\/gallery\/eggs-of-gommorrh-from-erika\/thumbs\/thumbs_EggsOfGommorrh-2893.jpg\" data-title=\"Eggs of Gomorrh - Forest Fest 2019\" data-description=\"Eggs of Gomorrh - Forest Fest 2019\" data-><img decoding=\"async\" class=\"ngg-singlepic ngg-none\" src=\"https:\/\/www.etrossi.de\/photography\/wp-content\/gallery\/eggs-of-gommorrh-from-erika\/thumbs\/thumbs_EggsOfGommorrh-2893.jpg\" alt=\"Eggs of Gomorrh - Forest Fest 2019\" title=\"\"><\/a><\/p>\n<p>Mit <strong>Whiskey Ritual<\/strong> wurde es dann wie erwartet sehr wild. Und wir erkannte einen Bekannten aus Italien, den wir schon mit einer anderen Band fotografiert hatten. So klein ist die Metall-Welt. \u00dcberhaupt scheint es \u201enormal\u201c zu sein, dass man als Musiker verschiedene Bands als Arbeitgeber hat oder braucht.<\/p>\n<p><a class=\"ngg-fancybox\" title=\"Whiskey Ritual - Forest Fest 2019\" href=\"https:\/\/www.etrossi.de\/photography\/wp-content\/gallery\/whiskey-ritual-from-erika\/WhiskeyRitual-3588.jpg\" rel=\"\" data-image-id=\"9859\" data-src=\"https:\/\/www.etrossi.de\/photography\/wp-content\/gallery\/whiskey-ritual-from-erika\/WhiskeyRitual-3588.jpg\" data-thumbnail=\"https:\/\/www.etrossi.de\/photography\/wp-content\/gallery\/whiskey-ritual-from-erika\/thumbs\/thumbs_WhiskeyRitual-3588.jpg\" data-title=\"Whiskey Ritual - Forest Fest 2019\" data-description=\"Whiskey Ritual - Forest Fest 2019\" data-><img decoding=\"async\" class=\"ngg-singlepic ngg-none\" src=\"https:\/\/www.etrossi.de\/photography\/wp-content\/gallery\/whiskey-ritual-from-erika\/thumbs\/thumbs_WhiskeyRitual-3588.jpg\" alt=\"Whiskey Ritual - Forest Fest 2019\" title=\"\"><\/a><\/p>\n<p>Nach der ruhigeren Phase mit <strong>Belenos<\/strong> kam mit <strong>Heretic<\/strong> das wildeste Volk auf und vor die B\u00fchne. Dass man bei so einer Gruppe Schl\u00e4ge von hinten bekommt, ist (leider) normal, aber das der Organisator des Festivals ziemlich wild und r\u00fccksichtslos von hinter der B\u00fchne \u00fcber diese dr\u00fcber und dann in die Menge davor springt, fanden wir fast zu viel. Das war wirklich gef\u00e4hrlich und h\u00e4tte um ein Haar Erika verletzt. Wir waren richtig sauer. F\u00fcr Erika war danach die Stimmung im Keller und auch ich hatte keine richtige Lust mehr.<\/p>\n<p><a class=\"ngg-fancybox\" title=\"Heretic - Forest Fest 2019\" href=\"https:\/\/www.etrossi.de\/photography\/wp-content\/gallery\/heretic-from-erika\/Heretic-4074.jpg\" rel=\"\" data-image-id=\"9917\" data-src=\"https:\/\/www.etrossi.de\/photography\/wp-content\/gallery\/heretic-from-erika\/Heretic-4074.jpg\" data-thumbnail=\"https:\/\/www.etrossi.de\/photography\/wp-content\/gallery\/heretic-from-erika\/thumbs\/thumbs_Heretic-4074.jpg\" data-title=\"Heretic - Forest Fest 2019\" data-description=\"Heretic - Forest Fest 2019\" data-><img decoding=\"async\" class=\"ngg-singlepic ngg-none\" src=\"https:\/\/www.etrossi.de\/photography\/wp-content\/gallery\/heretic-from-erika\/thumbs\/thumbs_Heretic-4074.jpg\" alt=\"Heretic - Forest Fest 2019\" title=\"\"><\/a><\/p>\n<p>Die Band <strong>Darkened Nocturn Slaughtercult<\/strong> war zwar auch einer der Gr\u00fcnde gewesen, warum wir zu diesem Festival gefahren waren, aber die Leute dr\u00e4ngten sich dermassen vor der B\u00fchne, dass wir keine M\u00f6glichkeit mehr hatten, uns zu platzieren. Nur eine kleine Aussparung am rechten Rand, von wo auch der Videofilmer arbeitete, blieb uns. Sehr zum Missfallen der Menschen in diesem Bereich, die nat\u00fcrlich sauer waren, dass wir ihnen die Sicht und damit die Handybilder- und filme nahmen. So machte das keinen Spass, zumal sich der Tonmeister und der Videomann ebenfalls in diese kleine L\u00fccke quetschten.<\/p>\n<p><a class=\"ngg-fancybox\" title=\"Darkened Nocturn Slaughtercult - Forest Fest 2019\" href=\"https:\/\/www.etrossi.de\/photography\/wp-content\/gallery\/darkened-nocturn-slaughtercult-from-erika\/DNS-4251.jpg\" rel=\"\" data-image-id=\"9945\" data-src=\"https:\/\/www.etrossi.de\/photography\/wp-content\/gallery\/darkened-nocturn-slaughtercult-from-erika\/DNS-4251.jpg\" data-thumbnail=\"https:\/\/www.etrossi.de\/photography\/wp-content\/gallery\/darkened-nocturn-slaughtercult-from-erika\/thumbs\/thumbs_DNS-4251.jpg\" data-title=\"Darkened Nocturn Slaughtercult - Forest Fest 2019\" data-description=\"Darkened Nocturn Slaughtercult - Forest Fest 2019\" data-><img decoding=\"async\" class=\"ngg-singlepic ngg-none\" src=\"https:\/\/www.etrossi.de\/photography\/wp-content\/gallery\/darkened-nocturn-slaughtercult-from-erika\/thumbs\/thumbs_DNS-4251.jpg\" alt=\"Darkened Nocturn Slaughtercult - Forest Fest 2019\" title=\"\"><\/a><\/p>\n<p>Gute Bilder gehen so nicht und darum beschlossen wir, nach den \u201ePflichtbilder\u201c zu gehen und auf die letzte Band zu verzichten.<br \/>\nDas Festival werden wir sicher in Erinnerung behalten, aber nicht nur in guter. Schade.<\/p>\n<p>&nbsp;<\/p>\n","protected":false},"excerpt":{"rendered":"<div class=\"mh-excerpt\"><p>Bands Forest Fest:&nbsp;Sacrifizer,&nbsp;Liber Null,&nbsp;Black March,&nbsp;Stahlsarg,&nbsp;Frostmoon Eclipse,&nbsp;Moonreich,&nbsp;Svarttjern,&nbsp;Taake,&nbsp;Suture,&nbsp;Absolvtion,&nbsp;Tenebrae Aeternum,&nbsp;Eggs of Gommorrh,&nbsp;Bliss Of Flesh,&nbsp;Heinous,&nbsp;Skelethal,&nbsp;Whiskey Ritual,&nbsp;Belenos,&nbsp;Heretic,&nbsp;Darkened Nocturn Slaughtercult,&nbsp;Forgotten Tomb Date: 12.\/13.07.2019 Location: Chevenez (CH) Facebook Organizer: La Horde Sequane Photos Freitag 12.07.2019 16.00 &#8211; 16.35 Sacrifizer 16.55 &#8211; 17.35 <a class=\"mh-excerpt-more\" href=\"https:\/\/www.etrossi.de\/photography\/2019\/07\/13\/bericht-forest-fest-viii\/\" title=\"Bericht: Forest Fest VIII\">[&#8230;]<\/a><\/p>\n<\/div>","protected":false},"author":1,"featured_media":18588,"comment_status":"open","ping_status":"closed","sticky":false,"template":"","format":"standard","meta":{"ngg_post_thumbnail":0,"_expiration-date-status":"saved","_expiration-date":0,"_expiration-date-type":"","_expiration-date-categories":[],"_expiration-date-options":[]},"categories":[21,302],"tags":[952,959,964,955,961,954,962,948,956,960,963,228,945,957,947,951,949,950,953,958],"tribe_events_cat":[],"festival":[910],"fotografautor":[],"genre":[318,773],"location":[],"on_road":[],"veranstalter":[690],"acf":[],"_links":{"self":[{"href":"https:\/\/www.etrossi.de\/photography\/wp-json\/wp\/v2\/posts\/17586"}],"collection":[{"href":"https:\/\/www.etrossi.de\/photography\/wp-json\/wp\/v2\/posts"}],"about":[{"href":"https:\/\/www.etrossi.de\/photography\/wp-json\/wp\/v2\/types\/post"}],"author":[{"embeddable":true,"href":"https:\/\/www.etrossi.de\/photography\/wp-json\/wp\/v2\/users\/1"}],"replies":[{"embeddable":true,"href":"https:\/\/www.etrossi.de\/photography\/wp-json\/wp\/v2\/comments?post=17586"}],"version-history":[{"count":9,"href":"https:\/\/www.etrossi.de\/photography\/wp-json\/wp\/v2\/posts\/17586\/revisions"}],"predecessor-version":[{"id":22786,"href":"https:\/\/www.etrossi.de\/photography\/wp-json\/wp\/v2\/posts\/17586\/revisions\/22786"}],"wp:featuredmedia":[{"embeddable":true,"href":"https:\/\/www.etrossi.de\/photography\/wp-json\/wp\/v2\/media\/18588"}],"wp:attachment":[{"href":"https:\/\/www.etrossi.de\/photography\/wp-json\/wp\/v2\/media?parent=17586"}],"wp:term":[{"taxonomy":"category","embeddable":true,"href":"https:\/\/www.etrossi.de\/photography\/wp-json\/wp\/v2\/categories?post=17586"},{"taxonomy":"post_tag","embeddable":true,"href":"https:\/\/www.etrossi.de\/photography\/wp-json\/wp\/v2\/tags?post=17586"},{"taxonomy":"tribe_events_cat","embeddable":true,"href":"https:\/\/www.etrossi.de\/photography\/wp-json\/wp\/v2\/tribe_events_cat?post=17586"},{"taxonomy":"festival","embeddable":true,"href":"https:\/\/www.etrossi.de\/photography\/wp-json\/wp\/v2\/festival?post=17586"},{"taxonomy":"fotografautor","embeddable":true,"href":"https:\/\/www.etrossi.de\/photography\/wp-json\/wp\/v2\/fotografautor?post=17586"},{"taxonomy":"genre","embeddable":true,"href":"https:\/\/www.etrossi.de\/photography\/wp-json\/wp\/v2\/genre?post=17586"},{"taxonomy":"location","embeddable":true,"href":"https:\/\/www.etrossi.de\/photography\/wp-json\/wp\/v2\/location?post=17586"},{"taxonomy":"on_road","embeddable":true,"href":"https:\/\/www.etrossi.de\/photography\/wp-json\/wp\/v2\/on_road?post=17586"},{"taxonomy":"veranstalter","embeddable":true,"href":"https:\/\/www.etrossi.de\/photography\/wp-json\/wp\/v2\/veranstalter?post=17586"}],"curies":[{"name":"wp","href":"https:\/\/api.w.org\/{rel}","templated":true}]}}