{"id":1312,"date":"2018-05-07T09:26:15","date_gmt":"2018-05-07T07:26:15","guid":{"rendered":"http:\/\/www.etrossi.de\/photography\/?p=1312"},"modified":"2019-05-20T16:25:08","modified_gmt":"2019-05-20T14:25:08","slug":"review-zornheym-toward-the-throne-und-dawohl-colmar-f-legrillen-grillen-07-05-2018","status":"publish","type":"post","link":"https:\/\/www.etrossi.de\/photography\/2018\/05\/07\/review-zornheym-toward-the-throne-und-dawohl-colmar-f-legrillen-grillen-07-05-2018\/","title":{"rendered":"Review: Zornheym, Toward The Throne, Dawohl"},"content":{"rendered":"<p>Bands: Zornheym, Toward the Throne, Dawohl<br \/>\nDatum: 07.05.2018<br \/>\nOrt: Le Grillen, Colmar<br \/>\nVeranstalter: Asso Overkill<br \/>\n<a href=\"http:\/\/www.etrossi.de\/photography\/2018\/05\/23\/2018-05-07-zornheym-toward-the-throne-dawohl\/\">Photos<\/a><\/p>\n<p><!--more-->Innerhalb einer Woche das zweite Mal ins Grillen. Kein Problem. Ist ja unser Wohnzimmer.<\/p>\n<p>Da es sehr wenig Anmeldungen gab, fand die Veranstaltung im &#8220;Kleinen&#8221; statt. Da ist allerdings das Licht meistens schlechter, wie wir unserem jetzt schon st\u00e4ndigen Mitfotografen Eric versicherten.<\/p>\n<p>Da wir, wie immer, viel zu fr\u00fch da waren, ergaben sich nat\u00fcrlich wieder haufenweise Gespr\u00e4che, si auch mit dem Veranstalter ASSO OVERKILL \u00fcber die Unterschiede zu HEADBANG, auch bzgl. der Bierpreise. Apropos: Nachdem uns das erste Bier gratis angeboten wurde, war es mir unm\u00f6glich ein weiteres zu bezahlen, es wurde einfach abgelehnt. Nun sind wir bei diesem Veranstalter fast genauso weit wie bei unserer Familie HEADBANG \ud83d\ude09<\/p>\n<p>Mit DAWOHL ging es dann beinahe p\u00fcnktlich auch gleich richtig zur Sache. Vor allem die Bassistin war sowas von engagiert und nicht wie bei vielen anderen Bands nur schm\u00fcckendes Beiwerk.<\/p>\n<p>Bei TOWARD THE THRONE wurde das Licht dann endlich wie bef\u00fcrchtet schlechter und dementsprechend gab es eben weniger gute Fotos.<\/p>\n<p>Da mich die Managerin von ZORNHEYM schon im Vorfeld &#8220;befreundelt&#8221; hatte, konnte ich sie jetzt pers\u00f6nlich begr\u00fcssen und nochmals darauf hinweisenm wie wichtig gutes Licht f\u00fcr gute Fotos ist. Und sie eilte schnurstracks zum Lichtmeister und bestellte: &#8220;Gutes Licht&#8221;.<\/p>\n<p>Das wurde auch sofort umgesetzt. So gutes Licht hatte ich noch nie im &#8220;kleinen&#8221; Grillen, Klasse. Und das noch bei so einer Band. Denn was ZORNHEYM, speziell der S\u00e4nge ablieferte, war absolute Spitzenklasse. Die Band wird es noch weit nach oben schaffen.<\/p>\n<p>Und obwohl es nur sehr wenige Zuschauer bis zu dieser Band &#8220;aushielten&#8221;, vielleicht 30, ging die Band voll ab und spielte ihr Spiel mit den Leuten. Das ist wirklich professionell!<\/p>\n<p>Wir hatten schon lange nimmer so viel Spass bei einem Konzert und wenn dann danach noch Musiker auf einem zukommen und sich bedanken, dass man sie so unterst\u00fctzt und meinen, dass man tolle Bilder macht, dann ist man schon sehr ger\u00fchrt. Ich jedenfalls. Darum macht man das Ganze ja! Einen sch\u00f6neren Abschluss konnte ich mir nicht vorstellen.<\/p>\n<p>Schade, dass wir wirklich gehen mussten, der Gitarrist von ZORNHEYM wollte auch noch ein Bier mit uns trinken, nachdem er extra die Playlist f\u00fcr uns aus der Garderobe geholt hatte. Und ich durfte zum allerersten Mal das offizielle Gruppenbild der Bands machen. Mann, waren die Leute alle NETT!<\/p>\n<p>Auch wegen der ganzen Gespr\u00e4che mit Mitfotograf, Veranstalter und Security (\u00fcber die Arbeit und Tattoos) war das einer der besten Abende im Le Grillen ever.<\/p>\n","protected":false},"excerpt":{"rendered":"<div class=\"mh-excerpt\"><p>Bands: Zornheym, Toward the Throne, Dawohl Datum: 07.05.2018 Ort: Le Grillen, Colmar Veranstalter: Asso Overkill Photos<\/p>\n<\/div>","protected":false},"author":2,"featured_media":13349,"comment_status":"closed","ping_status":"closed","sticky":false,"template":"","format":"standard","meta":{"ngg_post_thumbnail":0,"_expiration-date-status":"","_expiration-date":0,"_expiration-date-type":"","_expiration-date-categories":[],"_expiration-date-options":[]},"categories":[21,71],"tags":[24,23],"tribe_events_cat":[],"festival":[],"fotografautor":[],"genre":[323,318,542],"location":[552],"on_road":[],"veranstalter":[],"acf":[],"_links":{"self":[{"href":"https:\/\/www.etrossi.de\/photography\/wp-json\/wp\/v2\/posts\/1312"}],"collection":[{"href":"https:\/\/www.etrossi.de\/photography\/wp-json\/wp\/v2\/posts"}],"about":[{"href":"https:\/\/www.etrossi.de\/photography\/wp-json\/wp\/v2\/types\/post"}],"author":[{"embeddable":true,"href":"https:\/\/www.etrossi.de\/photography\/wp-json\/wp\/v2\/users\/2"}],"replies":[{"embeddable":true,"href":"https:\/\/www.etrossi.de\/photography\/wp-json\/wp\/v2\/comments?post=1312"}],"version-history":[{"count":9,"href":"https:\/\/www.etrossi.de\/photography\/wp-json\/wp\/v2\/posts\/1312\/revisions"}],"predecessor-version":[{"id":16355,"href":"https:\/\/www.etrossi.de\/photography\/wp-json\/wp\/v2\/posts\/1312\/revisions\/16355"}],"wp:featuredmedia":[{"embeddable":true,"href":"https:\/\/www.etrossi.de\/photography\/wp-json\/wp\/v2\/media\/13349"}],"wp:attachment":[{"href":"https:\/\/www.etrossi.de\/photography\/wp-json\/wp\/v2\/media?parent=1312"}],"wp:term":[{"taxonomy":"category","embeddable":true,"href":"https:\/\/www.etrossi.de\/photography\/wp-json\/wp\/v2\/categories?post=1312"},{"taxonomy":"post_tag","embeddable":true,"href":"https:\/\/www.etrossi.de\/photography\/wp-json\/wp\/v2\/tags?post=1312"},{"taxonomy":"tribe_events_cat","embeddable":true,"href":"https:\/\/www.etrossi.de\/photography\/wp-json\/wp\/v2\/tribe_events_cat?post=1312"},{"taxonomy":"festival","embeddable":true,"href":"https:\/\/www.etrossi.de\/photography\/wp-json\/wp\/v2\/festival?post=1312"},{"taxonomy":"fotografautor","embeddable":true,"href":"https:\/\/www.etrossi.de\/photography\/wp-json\/wp\/v2\/fotografautor?post=1312"},{"taxonomy":"genre","embeddable":true,"href":"https:\/\/www.etrossi.de\/photography\/wp-json\/wp\/v2\/genre?post=1312"},{"taxonomy":"location","embeddable":true,"href":"https:\/\/www.etrossi.de\/photography\/wp-json\/wp\/v2\/location?post=1312"},{"taxonomy":"on_road","embeddable":true,"href":"https:\/\/www.etrossi.de\/photography\/wp-json\/wp\/v2\/on_road?post=1312"},{"taxonomy":"veranstalter","embeddable":true,"href":"https:\/\/www.etrossi.de\/photography\/wp-json\/wp\/v2\/veranstalter?post=1312"}],"curies":[{"name":"wp","href":"https:\/\/api.w.org\/{rel}","templated":true}]}}