{"id":11420,"date":"2018-12-13T13:28:28","date_gmt":"2018-12-13T12:28:28","guid":{"rendered":"https:\/\/www.etrossi.de\/photography\/?p=11420"},"modified":"2019-07-08T12:15:01","modified_gmt":"2019-07-08T10:15:01","slug":"review-farmer-boys","status":"publish","type":"post","link":"https:\/\/www.etrossi.de\/photography\/2018\/12\/13\/review-farmer-boys\/","title":{"rendered":"Review: Farmer Boys"},"content":{"rendered":"\r\n<h4>Band: Farmer Boys<\/h4>\r\n<p>Date: 13.12.2018<br>Place: Jazzhaus, Freiburg<br>Organizer: Vaddi Concerts<br>Text: Thomas Rossi&nbsp;<\/p>\r\n<p><strong><a href=\"https:\/\/www.etrossi.de\/photography\/2018\/12\/16\/2018-12-13-farmer-boys\/\">Photos<\/a><\/strong><\/p>\r\n<p>Wer? FARMER BOYS? Ich hatte noch nie was von dieser Band geh\u00f6rt, das muss ich zugeben. Nur weil e fand, dass die sehr interessant waren, wenn sie auch nicht 100% auf unserer Musikschiene l\u00e4gen, habe ich mich um eine Akkreditierung beworben. Mehr halbherzig, aber es n\u00e4herte sich ja auch Weihnachten und viele Konzerte waren nimmer in Sicht.<br><!--more--><br>Und was geschah? Ich bekam meine Akkreditierung am Vormittag des Konzertages, e keine. Aber ich bekam auch ein + 1. Was sehr nett von VADDI war.<br>Das Jazzhaus war noch recht leer, als wir \u201ep\u00fcnktlich\u201c eine Stunde vor Beginn eintrafen. Und diesmal gab es \u00fcberhaupt keine Probleme mit Fotopass und G\u00e4steliste. Nur dass inzwischen die Begrenzung auf die ersten 3 St\u00fccke aufgehoben war. Das \u00e4rgerte mich insofern, dass ich nur ein Objektiv mitgenommen hatte. Mit dem 200er von hinten w\u00e4ren sicher auch gute Bilder entstanden.<br>Es zeichnete sich schnell ab, dass es nicht voll werden w\u00fcrde. Zum Fotografieren ein Traum, f\u00fcr den Veranstalter sicher weniger.<br>Und dann, was soll man sagen, machte die Band richtig Spass. Unverhofft kommt oft &#x1f609;<br>Sie erzeugten richtig Stimmung, nicht zuletzt durch sehr witzige Kommentare des S\u00e4nger. \u201eWir sind alles Alemannen\u201c versuchte er die \u201eFeindschaft\u201c von Badenern und Schwaben zu umgehen.<br>Und da die Musik launig war, es massig Platz zum Fotografieren und sogar Hinsitzen gab, war das ein total entspannter Abend.<\/p>\r\n\r\n\r\n","protected":false},"excerpt":{"rendered":"<div class=\"mh-excerpt\"><p>Band: Farmer Boys Date: 13.12.2018Place: Jazzhaus, FreiburgOrganizer: Vaddi ConcertsText: Thomas Rossi&nbsp; Photos Wer? FARMER BOYS? Ich hatte noch nie was von dieser Band geh\u00f6rt, das muss ich zugeben. Nur weil e fand, dass die sehr <a class=\"mh-excerpt-more\" href=\"https:\/\/www.etrossi.de\/photography\/2018\/12\/13\/review-farmer-boys\/\" title=\"Review: Farmer Boys\">[&#8230;]<\/a><\/p>\n<\/div>","protected":false},"author":1,"featured_media":13995,"comment_status":"closed","ping_status":"closed","sticky":false,"template":"","format":"standard","meta":{"ngg_post_thumbnail":0,"_expiration-date-status":"","_expiration-date":0,"_expiration-date-type":"","_expiration-date-categories":[],"_expiration-date-options":[]},"categories":[71,21],"tags":[274],"tribe_events_cat":[],"festival":[],"fotografautor":[],"genre":[324,539],"location":[561],"on_road":[],"veranstalter":[],"acf":[],"_links":{"self":[{"href":"https:\/\/www.etrossi.de\/photography\/wp-json\/wp\/v2\/posts\/11420"}],"collection":[{"href":"https:\/\/www.etrossi.de\/photography\/wp-json\/wp\/v2\/posts"}],"about":[{"href":"https:\/\/www.etrossi.de\/photography\/wp-json\/wp\/v2\/types\/post"}],"author":[{"embeddable":true,"href":"https:\/\/www.etrossi.de\/photography\/wp-json\/wp\/v2\/users\/1"}],"replies":[{"embeddable":true,"href":"https:\/\/www.etrossi.de\/photography\/wp-json\/wp\/v2\/comments?post=11420"}],"version-history":[{"count":4,"href":"https:\/\/www.etrossi.de\/photography\/wp-json\/wp\/v2\/posts\/11420\/revisions"}],"predecessor-version":[{"id":17531,"href":"https:\/\/www.etrossi.de\/photography\/wp-json\/wp\/v2\/posts\/11420\/revisions\/17531"}],"wp:featuredmedia":[{"embeddable":true,"href":"https:\/\/www.etrossi.de\/photography\/wp-json\/wp\/v2\/media\/13995"}],"wp:attachment":[{"href":"https:\/\/www.etrossi.de\/photography\/wp-json\/wp\/v2\/media?parent=11420"}],"wp:term":[{"taxonomy":"category","embeddable":true,"href":"https:\/\/www.etrossi.de\/photography\/wp-json\/wp\/v2\/categories?post=11420"},{"taxonomy":"post_tag","embeddable":true,"href":"https:\/\/www.etrossi.de\/photography\/wp-json\/wp\/v2\/tags?post=11420"},{"taxonomy":"tribe_events_cat","embeddable":true,"href":"https:\/\/www.etrossi.de\/photography\/wp-json\/wp\/v2\/tribe_events_cat?post=11420"},{"taxonomy":"festival","embeddable":true,"href":"https:\/\/www.etrossi.de\/photography\/wp-json\/wp\/v2\/festival?post=11420"},{"taxonomy":"fotografautor","embeddable":true,"href":"https:\/\/www.etrossi.de\/photography\/wp-json\/wp\/v2\/fotografautor?post=11420"},{"taxonomy":"genre","embeddable":true,"href":"https:\/\/www.etrossi.de\/photography\/wp-json\/wp\/v2\/genre?post=11420"},{"taxonomy":"location","embeddable":true,"href":"https:\/\/www.etrossi.de\/photography\/wp-json\/wp\/v2\/location?post=11420"},{"taxonomy":"on_road","embeddable":true,"href":"https:\/\/www.etrossi.de\/photography\/wp-json\/wp\/v2\/on_road?post=11420"},{"taxonomy":"veranstalter","embeddable":true,"href":"https:\/\/www.etrossi.de\/photography\/wp-json\/wp\/v2\/veranstalter?post=11420"}],"curies":[{"name":"wp","href":"https:\/\/api.w.org\/{rel}","templated":true}]}}